{"id":35,"date":"2005-11-02T19:35:15","date_gmt":"2005-11-02T19:35:15","guid":{"rendered":"http:\/\/estudioalejandracorrea.uy\/?p=35"},"modified":"2025-11-20T14:49:11","modified_gmt":"2025-11-20T14:49:11","slug":"obra-miami","status":"publish","type":"post","link":"https:\/\/www.estudioalejandracorrea.uy\/fr\/obra-miami\/","title":{"rendered":"Maison Miami"},"content":{"rendered":"<div class=\"wpb-content-wrapper\"><p>[vc_row][vc_column width=\u00a0\u00bb2\/3&Prime;][vc_images_carousel images=\u00a0\u00bb250,243,244,246,248,249,251,252,253,254,255&Prime; img_size=\u00a0\u00bbfull\u00a0\u00bb onclick=\u00a0\u00bblink_no\u00a0\u00bb mode=\u00a0\u00bbvertical\u00a0\u00bb autoplay=\u00a0\u00bbyes\u00a0\u00bb wrap=\u00a0\u00bbyes\u00a0\u00bb][\/vc_column][vc_column width=\u00a0\u00bb1\/3&Prime;][vc_column_text css=\u00a0\u00bb\u00a0\u00bb]<\/p>\n<h2>Maison Miami<\/h2>\n<p><strong>Correa-Morat\u00f3 Architectes<\/strong><br \/>\nMontevideo, Uruguay 2005<br \/>\nNouvelle construction 280m2<br \/>\n[\/vc_column_text][\/vc_column][\/vc_row]<\/p>\n<\/div><!-- AddThis Advanced Settings generic via filter on the_content --><!-- AddThis Share Buttons generic via filter on the_content -->","protected":false},"excerpt":{"rendered":"<p>Correa-Morat\u00f3 Arqs.<!-- AddThis Advanced Settings generic via filter on get_the_excerpt --><!-- AddThis Share Buttons generic via filter on get_the_excerpt --><\/p>\n","protected":false},"author":1,"featured_media":39,"comment_status":"closed","ping_status":"closed","sticky":false,"template":"","format":"standard","meta":{"footnotes":""},"categories":[1,4],"tags":[],"class_list":["post-35","post","type-post","status-publish","format-standard","has-post-thumbnail","hentry","category-proyecto-y-direccion-de-obra","category-seleccion"],"yoast_head":"<!-- This site is optimized with the Yoast SEO plugin v27.5 - https:\/\/yoast.com\/product\/yoast-seo-wordpress\/ -->\n<title>Maison Miami  - ALEJANDRA CORREA<\/title>\n<meta name=\"robots\" content=\"index, follow, max-snippet:-1, max-image-preview:large, max-video-preview:-1\" \/>\n<link rel=\"canonical\" href=\"https:\/\/www.estudioalejandracorrea.uy\/obra-miami\/\" \/>\n<meta property=\"og:locale\" content=\"fr_FR\" \/>\n<meta property=\"og:type\" content=\"article\" \/>\n<meta property=\"og:title\" content=\"[:es]Casa Miami[:fr]Maison Miami [:en]Miami house[:] - ALEJANDRA CORREA\" \/>\n<meta property=\"og:description\" content=\"[:es]Arq. Alejandra Correa Arq. M. Morat\u00f3 [:fr]Correa-Morat\u00f3 Arqs.[:en]Correa-Morat\u00f3 architects[:]\" \/>\n<meta property=\"og:url\" content=\"https:\/\/www.estudioalejandracorrea.uy\/obra-miami\/\" \/>\n<meta property=\"og:site_name\" content=\"ALEJANDRA CORREA\" \/>\n<meta property=\"article:published_time\" content=\"2005-11-02T19:35:15+00:00\" \/>\n<meta property=\"article:modified_time\" content=\"2025-11-20T14:49:11+00:00\" \/>\n<meta property=\"og:image\" content=\"https:\/\/www.estudioalejandracorrea.uy\/wp-content\/uploads\/2017\/11\/miamiTH.jpg\" \/>\n\t<meta property=\"og:image:width\" content=\"500\" \/>\n\t<meta property=\"og:image:height\" content=\"500\" \/>\n\t<meta property=\"og:image:type\" content=\"image\/jpeg\" \/>\n<meta name=\"author\" content=\"Pablo\" \/>\n<meta name=\"twitter:card\" content=\"summary_large_image\" \/>\n<meta name=\"twitter:label1\" content=\"\u00c9crit par\" \/>\n\t<meta name=\"twitter:data1\" content=\"Pablo\" \/>\n\t<meta name=\"twitter:label2\" content=\"Dur\u00e9e de lecture estim\u00e9e\" \/>\n\t<meta name=\"twitter:data2\" content=\"1 minute\" \/>\n<script type=\"application\/ld+json\" class=\"yoast-schema-graph\">{\"@context\":\"https:\\\/\\\/schema.org\",\"@graph\":[{\"@type\":\"Article\",\"@id\":\"https:\\\/\\\/www.estudioalejandracorrea.uy\\\/obra-miami\\\/#article\",\"isPartOf\":{\"@id\":\"https:\\\/\\\/www.estudioalejandracorrea.uy\\\/obra-miami\\\/\"},\"author\":{\"name\":\"Pablo\",\"@id\":\"https:\\\/\\\/www.estudioalejandracorrea.uy\\\/#\\\/schema\\\/person\\\/939ac1587cb583598edcf8e9c00424d5\"},\"headline\":\"Maison Miami\",\"datePublished\":\"2005-11-02T19:35:15+00:00\",\"dateModified\":\"2025-11-20T14:49:11+00:00\",\"mainEntityOfPage\":{\"@id\":\"https:\\\/\\\/www.estudioalejandracorrea.uy\\\/obra-miami\\\/\"},\"wordCount\":150,\"image\":{\"@id\":\"https:\\\/\\\/www.estudioalejandracorrea.uy\\\/obra-miami\\\/#primaryimage\"},\"thumbnailUrl\":\"https:\\\/\\\/www.estudioalejandracorrea.uy\\\/wp-content\\\/uploads\\\/2017\\\/11\\\/miamiTH.jpg\",\"articleSection\":[\"Proyecto y direcci\u00f3n de obra\",\"Selecci\u00f3n de Proyectos\"],\"inLanguage\":\"fr-FR\"},{\"@type\":\"WebPage\",\"@id\":\"https:\\\/\\\/www.estudioalejandracorrea.uy\\\/obra-miami\\\/\",\"url\":\"https:\\\/\\\/www.estudioalejandracorrea.uy\\\/obra-miami\\\/\",\"name\":\"[:es]Casa Miami[:fr]Maison Miami [:en]Miami house[:] - ALEJANDRA CORREA\",\"isPartOf\":{\"@id\":\"https:\\\/\\\/www.estudioalejandracorrea.uy\\\/#website\"},\"primaryImageOfPage\":{\"@id\":\"https:\\\/\\\/www.estudioalejandracorrea.uy\\\/obra-miami\\\/#primaryimage\"},\"image\":{\"@id\":\"https:\\\/\\\/www.estudioalejandracorrea.uy\\\/obra-miami\\\/#primaryimage\"},\"thumbnailUrl\":\"https:\\\/\\\/www.estudioalejandracorrea.uy\\\/wp-content\\\/uploads\\\/2017\\\/11\\\/miamiTH.jpg\",\"datePublished\":\"2005-11-02T19:35:15+00:00\",\"dateModified\":\"2025-11-20T14:49:11+00:00\",\"author\":{\"@id\":\"https:\\\/\\\/www.estudioalejandracorrea.uy\\\/#\\\/schema\\\/person\\\/939ac1587cb583598edcf8e9c00424d5\"},\"breadcrumb\":{\"@id\":\"https:\\\/\\\/www.estudioalejandracorrea.uy\\\/obra-miami\\\/#breadcrumb\"},\"inLanguage\":\"fr-FR\",\"potentialAction\":[{\"@type\":\"ReadAction\",\"target\":[\"https:\\\/\\\/www.estudioalejandracorrea.uy\\\/obra-miami\\\/\"]}]},{\"@type\":\"ImageObject\",\"inLanguage\":\"fr-FR\",\"@id\":\"https:\\\/\\\/www.estudioalejandracorrea.uy\\\/obra-miami\\\/#primaryimage\",\"url\":\"https:\\\/\\\/www.estudioalejandracorrea.uy\\\/wp-content\\\/uploads\\\/2017\\\/11\\\/miamiTH.jpg\",\"contentUrl\":\"https:\\\/\\\/www.estudioalejandracorrea.uy\\\/wp-content\\\/uploads\\\/2017\\\/11\\\/miamiTH.jpg\",\"width\":500,\"height\":500,\"caption\":\"Correa-Morat\u00f3 arqs.\"},{\"@type\":\"BreadcrumbList\",\"@id\":\"https:\\\/\\\/www.estudioalejandracorrea.uy\\\/obra-miami\\\/#breadcrumb\",\"itemListElement\":[{\"@type\":\"ListItem\",\"position\":1,\"name\":\"Home\",\"item\":\"https:\\\/\\\/www.estudioalejandracorrea.uy\\\/\"},{\"@type\":\"ListItem\",\"position\":2,\"name\":\"Miami house\"}]},{\"@type\":\"WebSite\",\"@id\":\"https:\\\/\\\/www.estudioalejandracorrea.uy\\\/#website\",\"url\":\"https:\\\/\\\/www.estudioalejandracorrea.uy\\\/\",\"name\":\"ALEJANDRA CORREA\",\"description\":\"Arquitecta\",\"potentialAction\":[{\"@type\":\"SearchAction\",\"target\":{\"@type\":\"EntryPoint\",\"urlTemplate\":\"https:\\\/\\\/www.estudioalejandracorrea.uy\\\/?s={search_term_string}\"},\"query-input\":{\"@type\":\"PropertyValueSpecification\",\"valueRequired\":true,\"valueName\":\"search_term_string\"}}],\"inLanguage\":\"fr-FR\"},{\"@type\":\"Person\",\"@id\":\"https:\\\/\\\/www.estudioalejandracorrea.uy\\\/#\\\/schema\\\/person\\\/939ac1587cb583598edcf8e9c00424d5\",\"name\":\"Pablo\",\"image\":{\"@type\":\"ImageObject\",\"inLanguage\":\"fr-FR\",\"@id\":\"https:\\\/\\\/secure.gravatar.com\\\/avatar\\\/936ca8986f1b3fd120fd92fcb5f94d1cd8fbc2e98275b8d0a34a4e74ff28b949?s=96&d=mm&r=g\",\"url\":\"https:\\\/\\\/secure.gravatar.com\\\/avatar\\\/936ca8986f1b3fd120fd92fcb5f94d1cd8fbc2e98275b8d0a34a4e74ff28b949?s=96&d=mm&r=g\",\"contentUrl\":\"https:\\\/\\\/secure.gravatar.com\\\/avatar\\\/936ca8986f1b3fd120fd92fcb5f94d1cd8fbc2e98275b8d0a34a4e74ff28b949?s=96&d=mm&r=g\",\"caption\":\"Pablo\"},\"url\":\"https:\\\/\\\/www.estudioalejandracorrea.uy\\\/fr\\\/author\\\/pablo\\\/\"}]}<\/script>\n<!-- \/ Yoast SEO plugin. -->","yoast_head_json":{"title":"[:es]Casa Miami[:fr]Maison Miami [:en]Miami house[:] - ALEJANDRA CORREA","robots":{"index":"index","follow":"follow","max-snippet":"max-snippet:-1","max-image-preview":"max-image-preview:large","max-video-preview":"max-video-preview:-1"},"canonical":"https:\/\/www.estudioalejandracorrea.uy\/obra-miami\/","og_locale":"fr_FR","og_type":"article","og_title":"[:es]Casa Miami[:fr]Maison Miami [:en]Miami house[:] - ALEJANDRA CORREA","og_description":"[:es]Arq. Alejandra Correa Arq. M. Morat\u00f3 [:fr]Correa-Morat\u00f3 Arqs.[:en]Correa-Morat\u00f3 architects[:]","og_url":"https:\/\/www.estudioalejandracorrea.uy\/obra-miami\/","og_site_name":"ALEJANDRA CORREA","article_published_time":"2005-11-02T19:35:15+00:00","article_modified_time":"2025-11-20T14:49:11+00:00","og_image":[{"width":500,"height":500,"url":"https:\/\/www.estudioalejandracorrea.uy\/wp-content\/uploads\/2017\/11\/miamiTH.jpg","type":"image\/jpeg"}],"author":"Pablo","twitter_card":"summary_large_image","twitter_misc":{"\u00c9crit par":"Pablo","Dur\u00e9e de lecture estim\u00e9e":"1 minute"},"schema":{"@context":"https:\/\/schema.org","@graph":[{"@type":"Article","@id":"https:\/\/www.estudioalejandracorrea.uy\/obra-miami\/#article","isPartOf":{"@id":"https:\/\/www.estudioalejandracorrea.uy\/obra-miami\/"},"author":{"name":"Pablo","@id":"https:\/\/www.estudioalejandracorrea.uy\/#\/schema\/person\/939ac1587cb583598edcf8e9c00424d5"},"headline":"Maison Miami","datePublished":"2005-11-02T19:35:15+00:00","dateModified":"2025-11-20T14:49:11+00:00","mainEntityOfPage":{"@id":"https:\/\/www.estudioalejandracorrea.uy\/obra-miami\/"},"wordCount":150,"image":{"@id":"https:\/\/www.estudioalejandracorrea.uy\/obra-miami\/#primaryimage"},"thumbnailUrl":"https:\/\/www.estudioalejandracorrea.uy\/wp-content\/uploads\/2017\/11\/miamiTH.jpg","articleSection":["Proyecto y direcci\u00f3n de obra","Selecci\u00f3n de Proyectos"],"inLanguage":"fr-FR"},{"@type":"WebPage","@id":"https:\/\/www.estudioalejandracorrea.uy\/obra-miami\/","url":"https:\/\/www.estudioalejandracorrea.uy\/obra-miami\/","name":"[:es]Casa Miami[:fr]Maison Miami [:en]Miami house[:] - ALEJANDRA CORREA","isPartOf":{"@id":"https:\/\/www.estudioalejandracorrea.uy\/#website"},"primaryImageOfPage":{"@id":"https:\/\/www.estudioalejandracorrea.uy\/obra-miami\/#primaryimage"},"image":{"@id":"https:\/\/www.estudioalejandracorrea.uy\/obra-miami\/#primaryimage"},"thumbnailUrl":"https:\/\/www.estudioalejandracorrea.uy\/wp-content\/uploads\/2017\/11\/miamiTH.jpg","datePublished":"2005-11-02T19:35:15+00:00","dateModified":"2025-11-20T14:49:11+00:00","author":{"@id":"https:\/\/www.estudioalejandracorrea.uy\/#\/schema\/person\/939ac1587cb583598edcf8e9c00424d5"},"breadcrumb":{"@id":"https:\/\/www.estudioalejandracorrea.uy\/obra-miami\/#breadcrumb"},"inLanguage":"fr-FR","potentialAction":[{"@type":"ReadAction","target":["https:\/\/www.estudioalejandracorrea.uy\/obra-miami\/"]}]},{"@type":"ImageObject","inLanguage":"fr-FR","@id":"https:\/\/www.estudioalejandracorrea.uy\/obra-miami\/#primaryimage","url":"https:\/\/www.estudioalejandracorrea.uy\/wp-content\/uploads\/2017\/11\/miamiTH.jpg","contentUrl":"https:\/\/www.estudioalejandracorrea.uy\/wp-content\/uploads\/2017\/11\/miamiTH.jpg","width":500,"height":500,"caption":"Correa-Morat\u00f3 arqs."},{"@type":"BreadcrumbList","@id":"https:\/\/www.estudioalejandracorrea.uy\/obra-miami\/#breadcrumb","itemListElement":[{"@type":"ListItem","position":1,"name":"Home","item":"https:\/\/www.estudioalejandracorrea.uy\/"},{"@type":"ListItem","position":2,"name":"Miami house"}]},{"@type":"WebSite","@id":"https:\/\/www.estudioalejandracorrea.uy\/#website","url":"https:\/\/www.estudioalejandracorrea.uy\/","name":"ALEJANDRA CORREA","description":"Arquitecta","potentialAction":[{"@type":"SearchAction","target":{"@type":"EntryPoint","urlTemplate":"https:\/\/www.estudioalejandracorrea.uy\/?s={search_term_string}"},"query-input":{"@type":"PropertyValueSpecification","valueRequired":true,"valueName":"search_term_string"}}],"inLanguage":"fr-FR"},{"@type":"Person","@id":"https:\/\/www.estudioalejandracorrea.uy\/#\/schema\/person\/939ac1587cb583598edcf8e9c00424d5","name":"Pablo","image":{"@type":"ImageObject","inLanguage":"fr-FR","@id":"https:\/\/secure.gravatar.com\/avatar\/936ca8986f1b3fd120fd92fcb5f94d1cd8fbc2e98275b8d0a34a4e74ff28b949?s=96&d=mm&r=g","url":"https:\/\/secure.gravatar.com\/avatar\/936ca8986f1b3fd120fd92fcb5f94d1cd8fbc2e98275b8d0a34a4e74ff28b949?s=96&d=mm&r=g","contentUrl":"https:\/\/secure.gravatar.com\/avatar\/936ca8986f1b3fd120fd92fcb5f94d1cd8fbc2e98275b8d0a34a4e74ff28b949?s=96&d=mm&r=g","caption":"Pablo"},"url":"https:\/\/www.estudioalejandracorrea.uy\/fr\/author\/pablo\/"}]}},"_links":{"self":[{"href":"https:\/\/www.estudioalejandracorrea.uy\/fr\/wp-json\/wp\/v2\/posts\/35","targetHints":{"allow":["GET"]}}],"collection":[{"href":"https:\/\/www.estudioalejandracorrea.uy\/fr\/wp-json\/wp\/v2\/posts"}],"about":[{"href":"https:\/\/www.estudioalejandracorrea.uy\/fr\/wp-json\/wp\/v2\/types\/post"}],"author":[{"embeddable":true,"href":"https:\/\/www.estudioalejandracorrea.uy\/fr\/wp-json\/wp\/v2\/users\/1"}],"replies":[{"embeddable":true,"href":"https:\/\/www.estudioalejandracorrea.uy\/fr\/wp-json\/wp\/v2\/comments?post=35"}],"version-history":[{"count":27,"href":"https:\/\/www.estudioalejandracorrea.uy\/fr\/wp-json\/wp\/v2\/posts\/35\/revisions"}],"predecessor-version":[{"id":1533,"href":"https:\/\/www.estudioalejandracorrea.uy\/fr\/wp-json\/wp\/v2\/posts\/35\/revisions\/1533"}],"wp:featuredmedia":[{"embeddable":true,"href":"https:\/\/www.estudioalejandracorrea.uy\/fr\/wp-json\/wp\/v2\/media\/39"}],"wp:attachment":[{"href":"https:\/\/www.estudioalejandracorrea.uy\/fr\/wp-json\/wp\/v2\/media?parent=35"}],"wp:term":[{"taxonomy":"category","embeddable":true,"href":"https:\/\/www.estudioalejandracorrea.uy\/fr\/wp-json\/wp\/v2\/categories?post=35"},{"taxonomy":"post_tag","embeddable":true,"href":"https:\/\/www.estudioalejandracorrea.uy\/fr\/wp-json\/wp\/v2\/tags?post=35"}],"curies":[{"name":"wp","href":"https:\/\/api.w.org\/{rel}","templated":true}]}}