{"id":1185,"date":"2023-11-03T19:37:55","date_gmt":"2023-11-03T19:37:55","guid":{"rendered":"https:\/\/www.estudioalejandracorrea.uy\/?p=1185"},"modified":"2025-11-26T19:47:38","modified_gmt":"2025-11-26T19:47:38","slug":"apartamento-en-punta-carretas","status":"publish","type":"post","link":"https:\/\/www.estudioalejandracorrea.uy\/fr\/apartamento-en-punta-carretas\/","title":{"rendered":"Appartement \u00e0 Punta Carretas"},"content":{"rendered":"<div class=\"wpb-content-wrapper\"><p>[vc_row][vc_column width=\u00a0\u00bb2\/3&Prime;][vc_images_carousel images=\u00a0\u00bb1183,1182,1181,1180,1179,1178,1177,1176,1175&Prime; img_size=\u00a0\u00bbfull\u00a0\u00bb mode=\u00a0\u00bbvertical\u00a0\u00bb speed=\u00a0\u00bb2000&Prime; autoplay=\u00a0\u00bbyes\u00a0\u00bb wrap=\u00a0\u00bbyes\u00a0\u00bb][\/vc_column][vc_column width=\u00a0\u00bb1\/3&Prime;][vc_column_text]<\/p>\n<h2>Appartement \u00e0 Punta Carretas<\/h2>\n<p>Surface : 180 m\u00b2 int\u00e9rieurs et 60 m\u00b2 de terrasse.<\/p>\n<p>L\u2019intervention dans l\u2019espace social de cet appartement, \u00e0 travers un projet de design d\u2019int\u00e9rieur et d\u2019\u00e9clairage, a abouti \u00e0 une transformation notable. Divers travaux ont \u00e9t\u00e9 r\u00e9alis\u00e9s : pl\u00e2trerie, menuiserie, peinture et s\u00e9lection d\u2019\u00e9l\u00e9ments de mobilier, comme des tables, entre autres.<\/p>\n<p> [\/vc_column_text][\/vc_column][\/vc_row]<\/p>\n<\/div><!-- AddThis Advanced Settings generic via filter on the_content --><!-- AddThis Share Buttons generic via filter on the_content -->","protected":false},"excerpt":{"rendered":"<p>Arq. Alejandra Correa<!-- AddThis Advanced Settings generic via filter on get_the_excerpt --><!-- AddThis Share Buttons generic via filter on get_the_excerpt --><\/p>\n","protected":false},"author":1,"featured_media":1298,"comment_status":"closed","ping_status":"closed","sticky":false,"template":"","format":"standard","meta":{"footnotes":""},"categories":[1,4],"tags":[],"class_list":["post-1185","post","type-post","status-publish","format-standard","has-post-thumbnail","hentry","category-proyecto-y-direccion-de-obra","category-seleccion"],"yoast_head":"<!-- This site is optimized with the Yoast SEO plugin v27.5 - https:\/\/yoast.com\/product\/yoast-seo-wordpress\/ -->\n<title>Appartement \u00e0 Punta Carretas - ALEJANDRA CORREA<\/title>\n<meta name=\"robots\" content=\"index, follow, max-snippet:-1, max-image-preview:large, max-video-preview:-1\" \/>\n<link rel=\"canonical\" href=\"https:\/\/www.estudioalejandracorrea.uy\/apartamento-en-punta-carretas\/\" \/>\n<meta property=\"og:locale\" content=\"fr_FR\" \/>\n<meta property=\"og:type\" content=\"article\" \/>\n<meta property=\"og:title\" content=\"[:es]Apartamento en Punta Carretas[:fr]Appartement \u00e0 Punta Carretas[:en]Apartment in Punta Carretas[:] - ALEJANDRA CORREA\" \/>\n<meta property=\"og:description\" content=\"[:es]Arq. Alejandra Correa[:fr]Arq. Alejandra Correa[:en]Arch. Alejandra Correa[:]\" \/>\n<meta property=\"og:url\" content=\"https:\/\/www.estudioalejandracorrea.uy\/apartamento-en-punta-carretas\/\" \/>\n<meta property=\"og:site_name\" content=\"ALEJANDRA CORREA\" \/>\n<meta property=\"article:published_time\" content=\"2023-11-03T19:37:55+00:00\" \/>\n<meta property=\"article:modified_time\" content=\"2025-11-26T19:47:38+00:00\" \/>\n<meta property=\"og:image\" content=\"https:\/\/www.estudioalejandracorrea.uy\/wp-content\/uploads\/2023\/11\/001.jpg\" \/>\n\t<meta property=\"og:image:width\" content=\"500\" \/>\n\t<meta property=\"og:image:height\" content=\"500\" \/>\n\t<meta property=\"og:image:type\" content=\"image\/jpeg\" \/>\n<meta name=\"author\" content=\"Pablo\" \/>\n<meta name=\"twitter:card\" content=\"summary_large_image\" \/>\n<meta name=\"twitter:label1\" content=\"\u00c9crit par\" \/>\n\t<meta name=\"twitter:data1\" content=\"Pablo\" \/>\n\t<meta name=\"twitter:label2\" content=\"Dur\u00e9e de lecture estim\u00e9e\" \/>\n\t<meta name=\"twitter:data2\" content=\"1 minute\" \/>\n<script type=\"application\/ld+json\" class=\"yoast-schema-graph\">{\"@context\":\"https:\\\/\\\/schema.org\",\"@graph\":[{\"@type\":\"Article\",\"@id\":\"https:\\\/\\\/www.estudioalejandracorrea.uy\\\/apartamento-en-punta-carretas\\\/#article\",\"isPartOf\":{\"@id\":\"https:\\\/\\\/www.estudioalejandracorrea.uy\\\/apartamento-en-punta-carretas\\\/\"},\"author\":{\"name\":\"Pablo\",\"@id\":\"https:\\\/\\\/www.estudioalejandracorrea.uy\\\/#\\\/schema\\\/person\\\/939ac1587cb583598edcf8e9c00424d5\"},\"headline\":\"Appartement \u00e0 Punta Carretas\",\"datePublished\":\"2023-11-03T19:37:55+00:00\",\"dateModified\":\"2025-11-26T19:47:38+00:00\",\"mainEntityOfPage\":{\"@id\":\"https:\\\/\\\/www.estudioalejandracorrea.uy\\\/apartamento-en-punta-carretas\\\/\"},\"wordCount\":290,\"image\":{\"@id\":\"https:\\\/\\\/www.estudioalejandracorrea.uy\\\/apartamento-en-punta-carretas\\\/#primaryimage\"},\"thumbnailUrl\":\"https:\\\/\\\/www.estudioalejandracorrea.uy\\\/wp-content\\\/uploads\\\/2023\\\/11\\\/001.jpg\",\"articleSection\":[\"Proyecto y direcci\u00f3n de obra\",\"Selecci\u00f3n de Proyectos\"],\"inLanguage\":\"fr-FR\"},{\"@type\":\"WebPage\",\"@id\":\"https:\\\/\\\/www.estudioalejandracorrea.uy\\\/apartamento-en-punta-carretas\\\/\",\"url\":\"https:\\\/\\\/www.estudioalejandracorrea.uy\\\/apartamento-en-punta-carretas\\\/\",\"name\":\"[:es]Apartamento en Punta Carretas[:fr]Appartement \u00e0 Punta Carretas[:en]Apartment in Punta Carretas[:] - ALEJANDRA CORREA\",\"isPartOf\":{\"@id\":\"https:\\\/\\\/www.estudioalejandracorrea.uy\\\/#website\"},\"primaryImageOfPage\":{\"@id\":\"https:\\\/\\\/www.estudioalejandracorrea.uy\\\/apartamento-en-punta-carretas\\\/#primaryimage\"},\"image\":{\"@id\":\"https:\\\/\\\/www.estudioalejandracorrea.uy\\\/apartamento-en-punta-carretas\\\/#primaryimage\"},\"thumbnailUrl\":\"https:\\\/\\\/www.estudioalejandracorrea.uy\\\/wp-content\\\/uploads\\\/2023\\\/11\\\/001.jpg\",\"datePublished\":\"2023-11-03T19:37:55+00:00\",\"dateModified\":\"2025-11-26T19:47:38+00:00\",\"author\":{\"@id\":\"https:\\\/\\\/www.estudioalejandracorrea.uy\\\/#\\\/schema\\\/person\\\/939ac1587cb583598edcf8e9c00424d5\"},\"breadcrumb\":{\"@id\":\"https:\\\/\\\/www.estudioalejandracorrea.uy\\\/apartamento-en-punta-carretas\\\/#breadcrumb\"},\"inLanguage\":\"fr-FR\",\"potentialAction\":[{\"@type\":\"ReadAction\",\"target\":[\"https:\\\/\\\/www.estudioalejandracorrea.uy\\\/apartamento-en-punta-carretas\\\/\"]}]},{\"@type\":\"ImageObject\",\"inLanguage\":\"fr-FR\",\"@id\":\"https:\\\/\\\/www.estudioalejandracorrea.uy\\\/apartamento-en-punta-carretas\\\/#primaryimage\",\"url\":\"https:\\\/\\\/www.estudioalejandracorrea.uy\\\/wp-content\\\/uploads\\\/2023\\\/11\\\/001.jpg\",\"contentUrl\":\"https:\\\/\\\/www.estudioalejandracorrea.uy\\\/wp-content\\\/uploads\\\/2023\\\/11\\\/001.jpg\",\"width\":500,\"height\":500},{\"@type\":\"BreadcrumbList\",\"@id\":\"https:\\\/\\\/www.estudioalejandracorrea.uy\\\/apartamento-en-punta-carretas\\\/#breadcrumb\",\"itemListElement\":[{\"@type\":\"ListItem\",\"position\":1,\"name\":\"Home\",\"item\":\"https:\\\/\\\/www.estudioalejandracorrea.uy\\\/\"},{\"@type\":\"ListItem\",\"position\":2,\"name\":\"Apartment in Punta Carretas\"}]},{\"@type\":\"WebSite\",\"@id\":\"https:\\\/\\\/www.estudioalejandracorrea.uy\\\/#website\",\"url\":\"https:\\\/\\\/www.estudioalejandracorrea.uy\\\/\",\"name\":\"ALEJANDRA CORREA\",\"description\":\"Arquitecta\",\"potentialAction\":[{\"@type\":\"SearchAction\",\"target\":{\"@type\":\"EntryPoint\",\"urlTemplate\":\"https:\\\/\\\/www.estudioalejandracorrea.uy\\\/?s={search_term_string}\"},\"query-input\":{\"@type\":\"PropertyValueSpecification\",\"valueRequired\":true,\"valueName\":\"search_term_string\"}}],\"inLanguage\":\"fr-FR\"},{\"@type\":\"Person\",\"@id\":\"https:\\\/\\\/www.estudioalejandracorrea.uy\\\/#\\\/schema\\\/person\\\/939ac1587cb583598edcf8e9c00424d5\",\"name\":\"Pablo\",\"image\":{\"@type\":\"ImageObject\",\"inLanguage\":\"fr-FR\",\"@id\":\"https:\\\/\\\/secure.gravatar.com\\\/avatar\\\/936ca8986f1b3fd120fd92fcb5f94d1cd8fbc2e98275b8d0a34a4e74ff28b949?s=96&d=mm&r=g\",\"url\":\"https:\\\/\\\/secure.gravatar.com\\\/avatar\\\/936ca8986f1b3fd120fd92fcb5f94d1cd8fbc2e98275b8d0a34a4e74ff28b949?s=96&d=mm&r=g\",\"contentUrl\":\"https:\\\/\\\/secure.gravatar.com\\\/avatar\\\/936ca8986f1b3fd120fd92fcb5f94d1cd8fbc2e98275b8d0a34a4e74ff28b949?s=96&d=mm&r=g\",\"caption\":\"Pablo\"},\"url\":\"https:\\\/\\\/www.estudioalejandracorrea.uy\\\/fr\\\/author\\\/pablo\\\/\"}]}<\/script>\n<!-- \/ Yoast SEO plugin. -->","yoast_head_json":{"title":"[:es]Apartamento en Punta Carretas[:fr]Appartement \u00e0 Punta Carretas[:en]Apartment in Punta Carretas[:] - ALEJANDRA CORREA","robots":{"index":"index","follow":"follow","max-snippet":"max-snippet:-1","max-image-preview":"max-image-preview:large","max-video-preview":"max-video-preview:-1"},"canonical":"https:\/\/www.estudioalejandracorrea.uy\/apartamento-en-punta-carretas\/","og_locale":"fr_FR","og_type":"article","og_title":"[:es]Apartamento en Punta Carretas[:fr]Appartement \u00e0 Punta Carretas[:en]Apartment in Punta Carretas[:] - ALEJANDRA CORREA","og_description":"[:es]Arq. Alejandra Correa[:fr]Arq. Alejandra Correa[:en]Arch. Alejandra Correa[:]","og_url":"https:\/\/www.estudioalejandracorrea.uy\/apartamento-en-punta-carretas\/","og_site_name":"ALEJANDRA CORREA","article_published_time":"2023-11-03T19:37:55+00:00","article_modified_time":"2025-11-26T19:47:38+00:00","og_image":[{"width":500,"height":500,"url":"https:\/\/www.estudioalejandracorrea.uy\/wp-content\/uploads\/2023\/11\/001.jpg","type":"image\/jpeg"}],"author":"Pablo","twitter_card":"summary_large_image","twitter_misc":{"\u00c9crit par":"Pablo","Dur\u00e9e de lecture estim\u00e9e":"1 minute"},"schema":{"@context":"https:\/\/schema.org","@graph":[{"@type":"Article","@id":"https:\/\/www.estudioalejandracorrea.uy\/apartamento-en-punta-carretas\/#article","isPartOf":{"@id":"https:\/\/www.estudioalejandracorrea.uy\/apartamento-en-punta-carretas\/"},"author":{"name":"Pablo","@id":"https:\/\/www.estudioalejandracorrea.uy\/#\/schema\/person\/939ac1587cb583598edcf8e9c00424d5"},"headline":"Appartement \u00e0 Punta Carretas","datePublished":"2023-11-03T19:37:55+00:00","dateModified":"2025-11-26T19:47:38+00:00","mainEntityOfPage":{"@id":"https:\/\/www.estudioalejandracorrea.uy\/apartamento-en-punta-carretas\/"},"wordCount":290,"image":{"@id":"https:\/\/www.estudioalejandracorrea.uy\/apartamento-en-punta-carretas\/#primaryimage"},"thumbnailUrl":"https:\/\/www.estudioalejandracorrea.uy\/wp-content\/uploads\/2023\/11\/001.jpg","articleSection":["Proyecto y direcci\u00f3n de obra","Selecci\u00f3n de Proyectos"],"inLanguage":"fr-FR"},{"@type":"WebPage","@id":"https:\/\/www.estudioalejandracorrea.uy\/apartamento-en-punta-carretas\/","url":"https:\/\/www.estudioalejandracorrea.uy\/apartamento-en-punta-carretas\/","name":"[:es]Apartamento en Punta Carretas[:fr]Appartement \u00e0 Punta Carretas[:en]Apartment in Punta Carretas[:] - ALEJANDRA CORREA","isPartOf":{"@id":"https:\/\/www.estudioalejandracorrea.uy\/#website"},"primaryImageOfPage":{"@id":"https:\/\/www.estudioalejandracorrea.uy\/apartamento-en-punta-carretas\/#primaryimage"},"image":{"@id":"https:\/\/www.estudioalejandracorrea.uy\/apartamento-en-punta-carretas\/#primaryimage"},"thumbnailUrl":"https:\/\/www.estudioalejandracorrea.uy\/wp-content\/uploads\/2023\/11\/001.jpg","datePublished":"2023-11-03T19:37:55+00:00","dateModified":"2025-11-26T19:47:38+00:00","author":{"@id":"https:\/\/www.estudioalejandracorrea.uy\/#\/schema\/person\/939ac1587cb583598edcf8e9c00424d5"},"breadcrumb":{"@id":"https:\/\/www.estudioalejandracorrea.uy\/apartamento-en-punta-carretas\/#breadcrumb"},"inLanguage":"fr-FR","potentialAction":[{"@type":"ReadAction","target":["https:\/\/www.estudioalejandracorrea.uy\/apartamento-en-punta-carretas\/"]}]},{"@type":"ImageObject","inLanguage":"fr-FR","@id":"https:\/\/www.estudioalejandracorrea.uy\/apartamento-en-punta-carretas\/#primaryimage","url":"https:\/\/www.estudioalejandracorrea.uy\/wp-content\/uploads\/2023\/11\/001.jpg","contentUrl":"https:\/\/www.estudioalejandracorrea.uy\/wp-content\/uploads\/2023\/11\/001.jpg","width":500,"height":500},{"@type":"BreadcrumbList","@id":"https:\/\/www.estudioalejandracorrea.uy\/apartamento-en-punta-carretas\/#breadcrumb","itemListElement":[{"@type":"ListItem","position":1,"name":"Home","item":"https:\/\/www.estudioalejandracorrea.uy\/"},{"@type":"ListItem","position":2,"name":"Apartment in Punta Carretas"}]},{"@type":"WebSite","@id":"https:\/\/www.estudioalejandracorrea.uy\/#website","url":"https:\/\/www.estudioalejandracorrea.uy\/","name":"ALEJANDRA CORREA","description":"Arquitecta","potentialAction":[{"@type":"SearchAction","target":{"@type":"EntryPoint","urlTemplate":"https:\/\/www.estudioalejandracorrea.uy\/?s={search_term_string}"},"query-input":{"@type":"PropertyValueSpecification","valueRequired":true,"valueName":"search_term_string"}}],"inLanguage":"fr-FR"},{"@type":"Person","@id":"https:\/\/www.estudioalejandracorrea.uy\/#\/schema\/person\/939ac1587cb583598edcf8e9c00424d5","name":"Pablo","image":{"@type":"ImageObject","inLanguage":"fr-FR","@id":"https:\/\/secure.gravatar.com\/avatar\/936ca8986f1b3fd120fd92fcb5f94d1cd8fbc2e98275b8d0a34a4e74ff28b949?s=96&d=mm&r=g","url":"https:\/\/secure.gravatar.com\/avatar\/936ca8986f1b3fd120fd92fcb5f94d1cd8fbc2e98275b8d0a34a4e74ff28b949?s=96&d=mm&r=g","contentUrl":"https:\/\/secure.gravatar.com\/avatar\/936ca8986f1b3fd120fd92fcb5f94d1cd8fbc2e98275b8d0a34a4e74ff28b949?s=96&d=mm&r=g","caption":"Pablo"},"url":"https:\/\/www.estudioalejandracorrea.uy\/fr\/author\/pablo\/"}]}},"_links":{"self":[{"href":"https:\/\/www.estudioalejandracorrea.uy\/fr\/wp-json\/wp\/v2\/posts\/1185","targetHints":{"allow":["GET"]}}],"collection":[{"href":"https:\/\/www.estudioalejandracorrea.uy\/fr\/wp-json\/wp\/v2\/posts"}],"about":[{"href":"https:\/\/www.estudioalejandracorrea.uy\/fr\/wp-json\/wp\/v2\/types\/post"}],"author":[{"embeddable":true,"href":"https:\/\/www.estudioalejandracorrea.uy\/fr\/wp-json\/wp\/v2\/users\/1"}],"replies":[{"embeddable":true,"href":"https:\/\/www.estudioalejandracorrea.uy\/fr\/wp-json\/wp\/v2\/comments?post=1185"}],"version-history":[{"count":4,"href":"https:\/\/www.estudioalejandracorrea.uy\/fr\/wp-json\/wp\/v2\/posts\/1185\/revisions"}],"predecessor-version":[{"id":1545,"href":"https:\/\/www.estudioalejandracorrea.uy\/fr\/wp-json\/wp\/v2\/posts\/1185\/revisions\/1545"}],"wp:featuredmedia":[{"embeddable":true,"href":"https:\/\/www.estudioalejandracorrea.uy\/fr\/wp-json\/wp\/v2\/media\/1298"}],"wp:attachment":[{"href":"https:\/\/www.estudioalejandracorrea.uy\/fr\/wp-json\/wp\/v2\/media?parent=1185"}],"wp:term":[{"taxonomy":"category","embeddable":true,"href":"https:\/\/www.estudioalejandracorrea.uy\/fr\/wp-json\/wp\/v2\/categories?post=1185"},{"taxonomy":"post_tag","embeddable":true,"href":"https:\/\/www.estudioalejandracorrea.uy\/fr\/wp-json\/wp\/v2\/tags?post=1185"}],"curies":[{"name":"wp","href":"https:\/\/api.w.org\/{rel}","templated":true}]}}