{"id":1137,"date":"2025-08-03T17:28:50","date_gmt":"2025-08-03T17:28:50","guid":{"rendered":"https:\/\/www.estudioalejandracorrea.uy\/?p=1137"},"modified":"2025-11-20T14:38:21","modified_gmt":"2025-11-20T14:38:21","slug":"gran-hotel-del-globo","status":"publish","type":"post","link":"https:\/\/www.estudioalejandracorrea.uy\/fr\/gran-hotel-del-globo\/","title":{"rendered":"Gran Hotel del Globo"},"content":{"rendered":"<div class=\"wpb-content-wrapper\"><p>[vc_row][vc_column width=\u00a0\u00bb2\/3&Prime;][vc_images_carousel images=\u00a0\u00bb1427,1273,1274,1275,1276,1277,1280,1281,1283,1284,1285,1286,1287,1288,1289,1210,1145,1144,1433,1143,1142,1141,1139,1138,1422,1423,1424,1425,1426,1428,1429,1430,1431,1432,1434,1435,1436,1437&Prime; img_size=\u00a0\u00bbfull\u00a0\u00bb mode=\u00a0\u00bbvertical\u00a0\u00bb autoplay=\u00a0\u00bbyes\u00a0\u00bb wrap=\u00a0\u00bbyes\u00a0\u00bb css=\u00a0\u00bb\u00a0\u00bb][\/vc_column][vc_column width=\u00a0\u00bb1\/3&Prime;][vc_column_text css=\u00a0\u00bb\u00a0\u00bb]<\/p>\n<h2>\u00ab Gran Hotel del Globo \u00bb<\/h2>\n<p>\u00c0 l\u2019angle de la Rambla 25 de Agosto et de Col\u00f3n, face \u00e0 la sortie du port de Montevideo, se dresse depuis la fin du XIX\u1d49 si\u00e8cle le \u00ab Gran Hotel del Globo \u00bb, \u00e9tape presque incontournable pour les immigrants qui arrivaient sur nos terres en qu\u00eate d\u2019une nouvelle vie. La pr\u00e9misse de notre proposition a toujours \u00e9t\u00e9 de respecter le b\u00e2timent dans sa morphologie, sa spatialit\u00e9 et ses fa\u00e7ades.<\/p>\n<p>Le nouveau programme est un usage mixte : gastronomie, bureaux, \u00e9v\u00e9nements, offre culturelle et h\u00f4tel.<\/p>\n<ul>\n<li>Rez-de-chauss\u00e9e : Restaurant, espaces de coworking et services.<\/li>\n<li>1er et 2\u1d49 \u00e9tages : Salles de coworking avec espaces de r\u00e9union et services.<\/li>\n<li>3\u1d49 \u00e9tage : Chambres d\u2019h\u00f4tel avec services.<\/li>\n<li>4\u1d49 \u00e9tage : Salle de conf\u00e9rence, caf\u00e9 avec espace ext\u00e9rieur form\u00e9 par la terrasse.<\/li>\n<\/ul>\n<p>Associ\u00e9 au cabinet Berthet Mendez Taranto pour la r\u00e9habilitation de l\u2019ancien \u00ab Gran Hotel del Globo \u00bb.<br \/>\n[\/vc_column_text][\/vc_column][\/vc_row]<\/p>\n<\/div><!-- AddThis Advanced Settings generic via filter on the_content --><!-- AddThis Share Buttons generic via filter on the_content -->","protected":false},"excerpt":{"rendered":"<p>Associ\u00e9 au cabinet Berthet Mendez Taranto pour la r\u00e9habilitation de l\u2019ancien \u00ab Gran Hotel del Globo \u00bb.<!-- AddThis Advanced Settings generic via filter on get_the_excerpt --><!-- AddThis Share Buttons generic via filter on get_the_excerpt --><\/p>\n","protected":false},"author":1,"featured_media":1291,"comment_status":"closed","ping_status":"closed","sticky":false,"template":"","format":"standard","meta":{"footnotes":""},"categories":[1,4],"tags":[],"class_list":["post-1137","post","type-post","status-publish","format-standard","has-post-thumbnail","hentry","category-proyecto-y-direccion-de-obra","category-seleccion"],"yoast_head":"<!-- This site is optimized with the Yoast SEO plugin v27.5 - https:\/\/yoast.com\/product\/yoast-seo-wordpress\/ -->\n<title>Gran Hotel del Globo - ALEJANDRA CORREA<\/title>\n<meta name=\"description\" content=\"En la esquina de la Rambla 25 de agosto y Col\u00f3n, frente a la salida del puerto de Montevideo, se levanta desde fines del siglo XIX el \u201cGran Hotel del Globo\u201d, escala casi obligada para los inmigrantes que llegaban a nuestras tierras en busca de una nueva vida.La premisa de nuestra propuesta ha sido siempre ser respetuosas con el edificio en su morfolog\u00eda, espacialidad y fachadas.El programa nuevo es uso mixto: gastronom\u00eda, oficinas, eventos, oferta cultural y hotel.o Planta baja: Restaurante, \u00e1reas de Cowork y servicios.o Pisos 1 y 2: Salas de Cowork con \u00e1reas de reuniones y servicios.o Piso 3: Habitaciones de hotel con servicios. o Piso 4: Sala de conferencia, cafeter\u00eda con espacio exterior conformado por la terraza.\" \/>\n<meta name=\"robots\" content=\"index, follow, max-snippet:-1, max-image-preview:large, max-video-preview:-1\" \/>\n<link rel=\"canonical\" href=\"https:\/\/www.estudioalejandracorrea.uy\/gran-hotel-del-globo\/\" \/>\n<meta property=\"og:locale\" content=\"fr_FR\" \/>\n<meta property=\"og:type\" content=\"article\" \/>\n<meta property=\"og:title\" content=\"Gran Hotel del Globo - ALEJANDRA CORREA\" \/>\n<meta property=\"og:description\" content=\"En la esquina de la Rambla 25 de agosto y Col\u00f3n, frente a la salida del puerto de Montevideo, se levanta desde fines del siglo XIX el \u201cGran Hotel del Globo\u201d, escala casi obligada para los inmigrantes que llegaban a nuestras tierras en busca de una nueva vida.La premisa de nuestra propuesta ha sido siempre ser respetuosas con el edificio en su morfolog\u00eda, espacialidad y fachadas.El programa nuevo es uso mixto: gastronom\u00eda, oficinas, eventos, oferta cultural y hotel.o Planta baja: Restaurante, \u00e1reas de Cowork y servicios.o Pisos 1 y 2: Salas de Cowork con \u00e1reas de reuniones y servicios.o Piso 3: Habitaciones de hotel con servicios. o Piso 4: Sala de conferencia, cafeter\u00eda con espacio exterior conformado por la terraza.\" \/>\n<meta property=\"og:url\" content=\"https:\/\/www.estudioalejandracorrea.uy\/gran-hotel-del-globo\/\" \/>\n<meta property=\"og:site_name\" content=\"ALEJANDRA CORREA\" \/>\n<meta property=\"article:published_time\" content=\"2025-08-03T17:28:50+00:00\" \/>\n<meta property=\"article:modified_time\" content=\"2025-11-20T14:38:21+00:00\" \/>\n<meta property=\"og:image\" content=\"https:\/\/www.estudioalejandracorrea.uy\/wp-content\/uploads\/2025\/08\/lglobo.png\" \/>\n\t<meta property=\"og:image:width\" content=\"597\" \/>\n\t<meta property=\"og:image:height\" content=\"597\" \/>\n\t<meta property=\"og:image:type\" content=\"image\/png\" \/>\n<meta name=\"author\" content=\"Pablo\" \/>\n<meta name=\"twitter:card\" content=\"summary_large_image\" \/>\n<meta name=\"twitter:label1\" content=\"\u00c9crit par\" \/>\n\t<meta name=\"twitter:data1\" content=\"Pablo\" \/>\n\t<meta name=\"twitter:label2\" content=\"Dur\u00e9e de lecture estim\u00e9e\" \/>\n\t<meta name=\"twitter:data2\" content=\"3 minutes\" \/>\n<script type=\"application\/ld+json\" class=\"yoast-schema-graph\">{\"@context\":\"https:\\\/\\\/schema.org\",\"@graph\":[{\"@type\":\"Article\",\"@id\":\"https:\\\/\\\/www.estudioalejandracorrea.uy\\\/gran-hotel-del-globo\\\/#article\",\"isPartOf\":{\"@id\":\"https:\\\/\\\/www.estudioalejandracorrea.uy\\\/gran-hotel-del-globo\\\/\"},\"author\":{\"name\":\"Pablo\",\"@id\":\"https:\\\/\\\/www.estudioalejandracorrea.uy\\\/#\\\/schema\\\/person\\\/939ac1587cb583598edcf8e9c00424d5\"},\"headline\":\"Gran Hotel del Globo\",\"datePublished\":\"2025-08-03T17:28:50+00:00\",\"dateModified\":\"2025-11-20T14:38:21+00:00\",\"mainEntityOfPage\":{\"@id\":\"https:\\\/\\\/www.estudioalejandracorrea.uy\\\/gran-hotel-del-globo\\\/\"},\"wordCount\":541,\"image\":{\"@id\":\"https:\\\/\\\/www.estudioalejandracorrea.uy\\\/gran-hotel-del-globo\\\/#primaryimage\"},\"thumbnailUrl\":\"https:\\\/\\\/www.estudioalejandracorrea.uy\\\/wp-content\\\/uploads\\\/2025\\\/08\\\/lglobo.png\",\"articleSection\":[\"Proyecto y direcci\u00f3n de obra\",\"Selecci\u00f3n de Proyectos\"],\"inLanguage\":\"fr-FR\"},{\"@type\":\"WebPage\",\"@id\":\"https:\\\/\\\/www.estudioalejandracorrea.uy\\\/gran-hotel-del-globo\\\/\",\"url\":\"https:\\\/\\\/www.estudioalejandracorrea.uy\\\/gran-hotel-del-globo\\\/\",\"name\":\"Gran Hotel del Globo - ALEJANDRA CORREA\",\"isPartOf\":{\"@id\":\"https:\\\/\\\/www.estudioalejandracorrea.uy\\\/#website\"},\"primaryImageOfPage\":{\"@id\":\"https:\\\/\\\/www.estudioalejandracorrea.uy\\\/gran-hotel-del-globo\\\/#primaryimage\"},\"image\":{\"@id\":\"https:\\\/\\\/www.estudioalejandracorrea.uy\\\/gran-hotel-del-globo\\\/#primaryimage\"},\"thumbnailUrl\":\"https:\\\/\\\/www.estudioalejandracorrea.uy\\\/wp-content\\\/uploads\\\/2025\\\/08\\\/lglobo.png\",\"datePublished\":\"2025-08-03T17:28:50+00:00\",\"dateModified\":\"2025-11-20T14:38:21+00:00\",\"author\":{\"@id\":\"https:\\\/\\\/www.estudioalejandracorrea.uy\\\/#\\\/schema\\\/person\\\/939ac1587cb583598edcf8e9c00424d5\"},\"description\":\"En la esquina de la Rambla 25 de agosto y Col\u00f3n, frente a la salida del puerto de Montevideo, se levanta desde fines del siglo XIX el \u201cGran Hotel del Globo\u201d, escala casi obligada para los inmigrantes que llegaban a nuestras tierras en busca de una nueva vida.La premisa de nuestra propuesta ha sido siempre ser respetuosas con el edificio en su morfolog\u00eda, espacialidad y fachadas.El programa nuevo es uso mixto: gastronom\u00eda, oficinas, eventos, oferta cultural y hotel.o Planta baja: Restaurante, \u00e1reas de Cowork y servicios.o Pisos 1 y 2: Salas de Cowork con \u00e1reas de reuniones y servicios.o Piso 3: Habitaciones de hotel con servicios. o Piso 4: Sala de conferencia, cafeter\u00eda con espacio exterior conformado por la terraza.\",\"breadcrumb\":{\"@id\":\"https:\\\/\\\/www.estudioalejandracorrea.uy\\\/gran-hotel-del-globo\\\/#breadcrumb\"},\"inLanguage\":\"fr-FR\",\"potentialAction\":[{\"@type\":\"ReadAction\",\"target\":[\"https:\\\/\\\/www.estudioalejandracorrea.uy\\\/gran-hotel-del-globo\\\/\"]}]},{\"@type\":\"ImageObject\",\"inLanguage\":\"fr-FR\",\"@id\":\"https:\\\/\\\/www.estudioalejandracorrea.uy\\\/gran-hotel-del-globo\\\/#primaryimage\",\"url\":\"https:\\\/\\\/www.estudioalejandracorrea.uy\\\/wp-content\\\/uploads\\\/2025\\\/08\\\/lglobo.png\",\"contentUrl\":\"https:\\\/\\\/www.estudioalejandracorrea.uy\\\/wp-content\\\/uploads\\\/2025\\\/08\\\/lglobo.png\",\"width\":597,\"height\":597},{\"@type\":\"BreadcrumbList\",\"@id\":\"https:\\\/\\\/www.estudioalejandracorrea.uy\\\/gran-hotel-del-globo\\\/#breadcrumb\",\"itemListElement\":[{\"@type\":\"ListItem\",\"position\":1,\"name\":\"Home\",\"item\":\"https:\\\/\\\/www.estudioalejandracorrea.uy\\\/\"},{\"@type\":\"ListItem\",\"position\":2,\"name\":\"Gran Hotel del Globo\"}]},{\"@type\":\"WebSite\",\"@id\":\"https:\\\/\\\/www.estudioalejandracorrea.uy\\\/#website\",\"url\":\"https:\\\/\\\/www.estudioalejandracorrea.uy\\\/\",\"name\":\"ALEJANDRA CORREA\",\"description\":\"Arquitecta\",\"potentialAction\":[{\"@type\":\"SearchAction\",\"target\":{\"@type\":\"EntryPoint\",\"urlTemplate\":\"https:\\\/\\\/www.estudioalejandracorrea.uy\\\/?s={search_term_string}\"},\"query-input\":{\"@type\":\"PropertyValueSpecification\",\"valueRequired\":true,\"valueName\":\"search_term_string\"}}],\"inLanguage\":\"fr-FR\"},{\"@type\":\"Person\",\"@id\":\"https:\\\/\\\/www.estudioalejandracorrea.uy\\\/#\\\/schema\\\/person\\\/939ac1587cb583598edcf8e9c00424d5\",\"name\":\"Pablo\",\"image\":{\"@type\":\"ImageObject\",\"inLanguage\":\"fr-FR\",\"@id\":\"https:\\\/\\\/secure.gravatar.com\\\/avatar\\\/936ca8986f1b3fd120fd92fcb5f94d1cd8fbc2e98275b8d0a34a4e74ff28b949?s=96&d=mm&r=g\",\"url\":\"https:\\\/\\\/secure.gravatar.com\\\/avatar\\\/936ca8986f1b3fd120fd92fcb5f94d1cd8fbc2e98275b8d0a34a4e74ff28b949?s=96&d=mm&r=g\",\"contentUrl\":\"https:\\\/\\\/secure.gravatar.com\\\/avatar\\\/936ca8986f1b3fd120fd92fcb5f94d1cd8fbc2e98275b8d0a34a4e74ff28b949?s=96&d=mm&r=g\",\"caption\":\"Pablo\"},\"url\":\"https:\\\/\\\/www.estudioalejandracorrea.uy\\\/fr\\\/author\\\/pablo\\\/\"}]}<\/script>\n<!-- \/ Yoast SEO plugin. -->","yoast_head_json":{"title":"Gran Hotel del Globo - ALEJANDRA CORREA","description":"En la esquina de la Rambla 25 de agosto y Col\u00f3n, frente a la salida del puerto de Montevideo, se levanta desde fines del siglo XIX el \u201cGran Hotel del Globo\u201d, escala casi obligada para los inmigrantes que llegaban a nuestras tierras en busca de una nueva vida.La premisa de nuestra propuesta ha sido siempre ser respetuosas con el edificio en su morfolog\u00eda, espacialidad y fachadas.El programa nuevo es uso mixto: gastronom\u00eda, oficinas, eventos, oferta cultural y hotel.o Planta baja: Restaurante, \u00e1reas de Cowork y servicios.o Pisos 1 y 2: Salas de Cowork con \u00e1reas de reuniones y servicios.o Piso 3: Habitaciones de hotel con servicios. o Piso 4: Sala de conferencia, cafeter\u00eda con espacio exterior conformado por la terraza.","robots":{"index":"index","follow":"follow","max-snippet":"max-snippet:-1","max-image-preview":"max-image-preview:large","max-video-preview":"max-video-preview:-1"},"canonical":"https:\/\/www.estudioalejandracorrea.uy\/gran-hotel-del-globo\/","og_locale":"fr_FR","og_type":"article","og_title":"Gran Hotel del Globo - ALEJANDRA CORREA","og_description":"En la esquina de la Rambla 25 de agosto y Col\u00f3n, frente a la salida del puerto de Montevideo, se levanta desde fines del siglo XIX el \u201cGran Hotel del Globo\u201d, escala casi obligada para los inmigrantes que llegaban a nuestras tierras en busca de una nueva vida.La premisa de nuestra propuesta ha sido siempre ser respetuosas con el edificio en su morfolog\u00eda, espacialidad y fachadas.El programa nuevo es uso mixto: gastronom\u00eda, oficinas, eventos, oferta cultural y hotel.o Planta baja: Restaurante, \u00e1reas de Cowork y servicios.o Pisos 1 y 2: Salas de Cowork con \u00e1reas de reuniones y servicios.o Piso 3: Habitaciones de hotel con servicios. o Piso 4: Sala de conferencia, cafeter\u00eda con espacio exterior conformado por la terraza.","og_url":"https:\/\/www.estudioalejandracorrea.uy\/gran-hotel-del-globo\/","og_site_name":"ALEJANDRA CORREA","article_published_time":"2025-08-03T17:28:50+00:00","article_modified_time":"2025-11-20T14:38:21+00:00","og_image":[{"width":597,"height":597,"url":"https:\/\/www.estudioalejandracorrea.uy\/wp-content\/uploads\/2025\/08\/lglobo.png","type":"image\/png"}],"author":"Pablo","twitter_card":"summary_large_image","twitter_misc":{"\u00c9crit par":"Pablo","Dur\u00e9e de lecture estim\u00e9e":"3 minutes"},"schema":{"@context":"https:\/\/schema.org","@graph":[{"@type":"Article","@id":"https:\/\/www.estudioalejandracorrea.uy\/gran-hotel-del-globo\/#article","isPartOf":{"@id":"https:\/\/www.estudioalejandracorrea.uy\/gran-hotel-del-globo\/"},"author":{"name":"Pablo","@id":"https:\/\/www.estudioalejandracorrea.uy\/#\/schema\/person\/939ac1587cb583598edcf8e9c00424d5"},"headline":"Gran Hotel del Globo","datePublished":"2025-08-03T17:28:50+00:00","dateModified":"2025-11-20T14:38:21+00:00","mainEntityOfPage":{"@id":"https:\/\/www.estudioalejandracorrea.uy\/gran-hotel-del-globo\/"},"wordCount":541,"image":{"@id":"https:\/\/www.estudioalejandracorrea.uy\/gran-hotel-del-globo\/#primaryimage"},"thumbnailUrl":"https:\/\/www.estudioalejandracorrea.uy\/wp-content\/uploads\/2025\/08\/lglobo.png","articleSection":["Proyecto y direcci\u00f3n de obra","Selecci\u00f3n de Proyectos"],"inLanguage":"fr-FR"},{"@type":"WebPage","@id":"https:\/\/www.estudioalejandracorrea.uy\/gran-hotel-del-globo\/","url":"https:\/\/www.estudioalejandracorrea.uy\/gran-hotel-del-globo\/","name":"Gran Hotel del Globo - ALEJANDRA CORREA","isPartOf":{"@id":"https:\/\/www.estudioalejandracorrea.uy\/#website"},"primaryImageOfPage":{"@id":"https:\/\/www.estudioalejandracorrea.uy\/gran-hotel-del-globo\/#primaryimage"},"image":{"@id":"https:\/\/www.estudioalejandracorrea.uy\/gran-hotel-del-globo\/#primaryimage"},"thumbnailUrl":"https:\/\/www.estudioalejandracorrea.uy\/wp-content\/uploads\/2025\/08\/lglobo.png","datePublished":"2025-08-03T17:28:50+00:00","dateModified":"2025-11-20T14:38:21+00:00","author":{"@id":"https:\/\/www.estudioalejandracorrea.uy\/#\/schema\/person\/939ac1587cb583598edcf8e9c00424d5"},"description":"En la esquina de la Rambla 25 de agosto y Col\u00f3n, frente a la salida del puerto de Montevideo, se levanta desde fines del siglo XIX el \u201cGran Hotel del Globo\u201d, escala casi obligada para los inmigrantes que llegaban a nuestras tierras en busca de una nueva vida.La premisa de nuestra propuesta ha sido siempre ser respetuosas con el edificio en su morfolog\u00eda, espacialidad y fachadas.El programa nuevo es uso mixto: gastronom\u00eda, oficinas, eventos, oferta cultural y hotel.o Planta baja: Restaurante, \u00e1reas de Cowork y servicios.o Pisos 1 y 2: Salas de Cowork con \u00e1reas de reuniones y servicios.o Piso 3: Habitaciones de hotel con servicios. o Piso 4: Sala de conferencia, cafeter\u00eda con espacio exterior conformado por la terraza.","breadcrumb":{"@id":"https:\/\/www.estudioalejandracorrea.uy\/gran-hotel-del-globo\/#breadcrumb"},"inLanguage":"fr-FR","potentialAction":[{"@type":"ReadAction","target":["https:\/\/www.estudioalejandracorrea.uy\/gran-hotel-del-globo\/"]}]},{"@type":"ImageObject","inLanguage":"fr-FR","@id":"https:\/\/www.estudioalejandracorrea.uy\/gran-hotel-del-globo\/#primaryimage","url":"https:\/\/www.estudioalejandracorrea.uy\/wp-content\/uploads\/2025\/08\/lglobo.png","contentUrl":"https:\/\/www.estudioalejandracorrea.uy\/wp-content\/uploads\/2025\/08\/lglobo.png","width":597,"height":597},{"@type":"BreadcrumbList","@id":"https:\/\/www.estudioalejandracorrea.uy\/gran-hotel-del-globo\/#breadcrumb","itemListElement":[{"@type":"ListItem","position":1,"name":"Home","item":"https:\/\/www.estudioalejandracorrea.uy\/"},{"@type":"ListItem","position":2,"name":"Gran Hotel del Globo"}]},{"@type":"WebSite","@id":"https:\/\/www.estudioalejandracorrea.uy\/#website","url":"https:\/\/www.estudioalejandracorrea.uy\/","name":"ALEJANDRA CORREA","description":"Arquitecta","potentialAction":[{"@type":"SearchAction","target":{"@type":"EntryPoint","urlTemplate":"https:\/\/www.estudioalejandracorrea.uy\/?s={search_term_string}"},"query-input":{"@type":"PropertyValueSpecification","valueRequired":true,"valueName":"search_term_string"}}],"inLanguage":"fr-FR"},{"@type":"Person","@id":"https:\/\/www.estudioalejandracorrea.uy\/#\/schema\/person\/939ac1587cb583598edcf8e9c00424d5","name":"Pablo","image":{"@type":"ImageObject","inLanguage":"fr-FR","@id":"https:\/\/secure.gravatar.com\/avatar\/936ca8986f1b3fd120fd92fcb5f94d1cd8fbc2e98275b8d0a34a4e74ff28b949?s=96&d=mm&r=g","url":"https:\/\/secure.gravatar.com\/avatar\/936ca8986f1b3fd120fd92fcb5f94d1cd8fbc2e98275b8d0a34a4e74ff28b949?s=96&d=mm&r=g","contentUrl":"https:\/\/secure.gravatar.com\/avatar\/936ca8986f1b3fd120fd92fcb5f94d1cd8fbc2e98275b8d0a34a4e74ff28b949?s=96&d=mm&r=g","caption":"Pablo"},"url":"https:\/\/www.estudioalejandracorrea.uy\/fr\/author\/pablo\/"}]}},"_links":{"self":[{"href":"https:\/\/www.estudioalejandracorrea.uy\/fr\/wp-json\/wp\/v2\/posts\/1137","targetHints":{"allow":["GET"]}}],"collection":[{"href":"https:\/\/www.estudioalejandracorrea.uy\/fr\/wp-json\/wp\/v2\/posts"}],"about":[{"href":"https:\/\/www.estudioalejandracorrea.uy\/fr\/wp-json\/wp\/v2\/types\/post"}],"author":[{"embeddable":true,"href":"https:\/\/www.estudioalejandracorrea.uy\/fr\/wp-json\/wp\/v2\/users\/1"}],"replies":[{"embeddable":true,"href":"https:\/\/www.estudioalejandracorrea.uy\/fr\/wp-json\/wp\/v2\/comments?post=1137"}],"version-history":[{"count":20,"href":"https:\/\/www.estudioalejandracorrea.uy\/fr\/wp-json\/wp\/v2\/posts\/1137\/revisions"}],"predecessor-version":[{"id":1528,"href":"https:\/\/www.estudioalejandracorrea.uy\/fr\/wp-json\/wp\/v2\/posts\/1137\/revisions\/1528"}],"wp:featuredmedia":[{"embeddable":true,"href":"https:\/\/www.estudioalejandracorrea.uy\/fr\/wp-json\/wp\/v2\/media\/1291"}],"wp:attachment":[{"href":"https:\/\/www.estudioalejandracorrea.uy\/fr\/wp-json\/wp\/v2\/media?parent=1137"}],"wp:term":[{"taxonomy":"category","embeddable":true,"href":"https:\/\/www.estudioalejandracorrea.uy\/fr\/wp-json\/wp\/v2\/categories?post=1137"},{"taxonomy":"post_tag","embeddable":true,"href":"https:\/\/www.estudioalejandracorrea.uy\/fr\/wp-json\/wp\/v2\/tags?post=1137"}],"curies":[{"name":"wp","href":"https:\/\/api.w.org\/{rel}","templated":true}]}}