{"id":1137,"date":"2025-08-03T17:28:50","date_gmt":"2025-08-03T17:28:50","guid":{"rendered":"https:\/\/www.estudioalejandracorrea.uy\/?p=1137"},"modified":"2025-11-20T14:38:21","modified_gmt":"2025-11-20T14:38:21","slug":"gran-hotel-del-globo","status":"publish","type":"post","link":"https:\/\/www.estudioalejandracorrea.uy\/en\/gran-hotel-del-globo\/","title":{"rendered":"Gran Hotel del Globo"},"content":{"rendered":"<div class=\"wpb-content-wrapper\"><p><\/p>\n<p>[vc_row][vc_column width=&#8221;2\/3&#8243;][vc_images_carousel images=&#8221;1427,1273,1274,1275,1276,1277,1280,1281,1283,1284,1285,1286,1287,1288,1289,1210,1145,1144,1433,1143,1142,1141,1139,1138,1422,1423,1424,1425,1426,1428,1429,1430,1431,1432,1434,1435,1436,1437&#8243; img_size=&#8221;full&#8221; mode=&#8221;vertical&#8221; autoplay=&#8221;yes&#8221; wrap=&#8221;yes&#8221; css=&#8221;&#8221;][\/vc_column][vc_column width=&#8221;1\/3&#8243;][vc_column_text css=&#8221;&#8221;]<\/p>\n<h2>\u201cGran Hotel del Globo\u201d<\/h2>\n<p>At the corner of Rambla 25 de Agosto and Col\u00f3n, facing the exit of the Port of Montevideo, stands the \u201cGran Hotel del Globo\u201d, built in the late 19th century and an almost obligatory stop for immigrants arriving in our land in search of a new life. The premise of our proposal has always been to remain respectful of the building\u2019s morphology, spatiality, and fa\u00e7ades.<\/p>\n<p>The new program is a mixed-use concept: gastronomy, offices, events, cultural activities, and hotel.<\/p>\n<ul>\n<li>Ground floor: Restaurant, coworking areas, and services.<\/li>\n<li>1st and 2nd floors: Coworking rooms with meeting areas and services.<\/li>\n<li>3rd floor: Hotel rooms with services.<\/li>\n<li>4th floor: Conference room, caf\u00e9 with outdoor space provided by the terrace.<\/li>\n<\/ul>\n<p>Associated with the firm Berthet Mendez Taranto for the refurbishment of the historic \u201cGran Hotel del Globo\u201d.<br \/>\n[\/vc_column_text][\/vc_column][\/vc_row]<\/p>\n<p><\/p>\n<\/div><!-- AddThis Advanced Settings generic via filter on the_content --><!-- AddThis Share Buttons generic via filter on the_content -->","protected":false},"excerpt":{"rendered":"<p>Associated with the firm Berthet Mendez Taranto for the refurbishment of the historic \u201cGran Hotel del Globo\u201d.<!-- AddThis Advanced Settings generic via filter on get_the_excerpt --><!-- AddThis Share Buttons generic via filter on get_the_excerpt --><\/p>\n","protected":false},"author":1,"featured_media":1291,"comment_status":"closed","ping_status":"closed","sticky":false,"template":"","format":"standard","meta":{"footnotes":""},"categories":[1,4],"tags":[],"class_list":["post-1137","post","type-post","status-publish","format-standard","has-post-thumbnail","hentry","category-proyecto-y-direccion-de-obra","category-seleccion"],"yoast_head":"<!-- This site is optimized with the Yoast SEO plugin v27.5 - https:\/\/yoast.com\/product\/yoast-seo-wordpress\/ -->\n<title>Gran Hotel del Globo - ALEJANDRA CORREA<\/title>\n<meta name=\"description\" content=\"En la esquina de la Rambla 25 de agosto y Col\u00f3n, frente a la salida del puerto de Montevideo, se levanta desde fines del siglo XIX el \u201cGran Hotel del Globo\u201d, escala casi obligada para los inmigrantes que llegaban a nuestras tierras en busca de una nueva vida.La premisa de nuestra propuesta ha sido siempre ser respetuosas con el edificio en su morfolog\u00eda, espacialidad y fachadas.El programa nuevo es uso mixto: gastronom\u00eda, oficinas, eventos, oferta cultural y hotel.o Planta baja: Restaurante, \u00e1reas de Cowork y servicios.o Pisos 1 y 2: Salas de Cowork con \u00e1reas de reuniones y servicios.o Piso 3: Habitaciones de hotel con servicios. o Piso 4: Sala de conferencia, cafeter\u00eda con espacio exterior conformado por la terraza.\" \/>\n<meta name=\"robots\" content=\"index, follow, max-snippet:-1, max-image-preview:large, max-video-preview:-1\" \/>\n<link rel=\"canonical\" href=\"https:\/\/www.estudioalejandracorrea.uy\/gran-hotel-del-globo\/\" \/>\n<meta property=\"og:locale\" content=\"en_US\" \/>\n<meta property=\"og:type\" content=\"article\" \/>\n<meta property=\"og:title\" content=\"Gran Hotel del Globo - ALEJANDRA CORREA\" \/>\n<meta property=\"og:description\" content=\"En la esquina de la Rambla 25 de agosto y Col\u00f3n, frente a la salida del puerto de Montevideo, se levanta desde fines del siglo XIX el \u201cGran Hotel del Globo\u201d, escala casi obligada para los inmigrantes que llegaban a nuestras tierras en busca de una nueva vida.La premisa de nuestra propuesta ha sido siempre ser respetuosas con el edificio en su morfolog\u00eda, espacialidad y fachadas.El programa nuevo es uso mixto: gastronom\u00eda, oficinas, eventos, oferta cultural y hotel.o Planta baja: Restaurante, \u00e1reas de Cowork y servicios.o Pisos 1 y 2: Salas de Cowork con \u00e1reas de reuniones y servicios.o Piso 3: Habitaciones de hotel con servicios. o Piso 4: Sala de conferencia, cafeter\u00eda con espacio exterior conformado por la terraza.\" \/>\n<meta property=\"og:url\" content=\"https:\/\/www.estudioalejandracorrea.uy\/gran-hotel-del-globo\/\" \/>\n<meta property=\"og:site_name\" content=\"ALEJANDRA CORREA\" \/>\n<meta property=\"article:published_time\" content=\"2025-08-03T17:28:50+00:00\" \/>\n<meta property=\"article:modified_time\" content=\"2025-11-20T14:38:21+00:00\" \/>\n<meta property=\"og:image\" content=\"https:\/\/www.estudioalejandracorrea.uy\/wp-content\/uploads\/2025\/08\/lglobo.png\" \/>\n\t<meta property=\"og:image:width\" content=\"597\" \/>\n\t<meta property=\"og:image:height\" content=\"597\" \/>\n\t<meta property=\"og:image:type\" content=\"image\/png\" \/>\n<meta name=\"author\" content=\"Pablo\" \/>\n<meta name=\"twitter:card\" content=\"summary_large_image\" \/>\n<meta name=\"twitter:label1\" content=\"Written by\" \/>\n\t<meta name=\"twitter:data1\" content=\"Pablo\" \/>\n\t<meta name=\"twitter:label2\" content=\"Est. reading time\" \/>\n\t<meta name=\"twitter:data2\" content=\"3 minutes\" \/>\n<script type=\"application\/ld+json\" class=\"yoast-schema-graph\">{\"@context\":\"https:\\\/\\\/schema.org\",\"@graph\":[{\"@type\":\"Article\",\"@id\":\"https:\\\/\\\/www.estudioalejandracorrea.uy\\\/gran-hotel-del-globo\\\/#article\",\"isPartOf\":{\"@id\":\"https:\\\/\\\/www.estudioalejandracorrea.uy\\\/gran-hotel-del-globo\\\/\"},\"author\":{\"name\":\"Pablo\",\"@id\":\"https:\\\/\\\/www.estudioalejandracorrea.uy\\\/#\\\/schema\\\/person\\\/939ac1587cb583598edcf8e9c00424d5\"},\"headline\":\"Gran Hotel del Globo\",\"datePublished\":\"2025-08-03T17:28:50+00:00\",\"dateModified\":\"2025-11-20T14:38:21+00:00\",\"mainEntityOfPage\":{\"@id\":\"https:\\\/\\\/www.estudioalejandracorrea.uy\\\/gran-hotel-del-globo\\\/\"},\"wordCount\":541,\"image\":{\"@id\":\"https:\\\/\\\/www.estudioalejandracorrea.uy\\\/gran-hotel-del-globo\\\/#primaryimage\"},\"thumbnailUrl\":\"https:\\\/\\\/www.estudioalejandracorrea.uy\\\/wp-content\\\/uploads\\\/2025\\\/08\\\/lglobo.png\",\"articleSection\":[\"Proyecto y direcci\u00f3n de obra\",\"Selecci\u00f3n de Proyectos\"],\"inLanguage\":\"en-US\"},{\"@type\":\"WebPage\",\"@id\":\"https:\\\/\\\/www.estudioalejandracorrea.uy\\\/gran-hotel-del-globo\\\/\",\"url\":\"https:\\\/\\\/www.estudioalejandracorrea.uy\\\/gran-hotel-del-globo\\\/\",\"name\":\"Gran Hotel del Globo - ALEJANDRA CORREA\",\"isPartOf\":{\"@id\":\"https:\\\/\\\/www.estudioalejandracorrea.uy\\\/#website\"},\"primaryImageOfPage\":{\"@id\":\"https:\\\/\\\/www.estudioalejandracorrea.uy\\\/gran-hotel-del-globo\\\/#primaryimage\"},\"image\":{\"@id\":\"https:\\\/\\\/www.estudioalejandracorrea.uy\\\/gran-hotel-del-globo\\\/#primaryimage\"},\"thumbnailUrl\":\"https:\\\/\\\/www.estudioalejandracorrea.uy\\\/wp-content\\\/uploads\\\/2025\\\/08\\\/lglobo.png\",\"datePublished\":\"2025-08-03T17:28:50+00:00\",\"dateModified\":\"2025-11-20T14:38:21+00:00\",\"author\":{\"@id\":\"https:\\\/\\\/www.estudioalejandracorrea.uy\\\/#\\\/schema\\\/person\\\/939ac1587cb583598edcf8e9c00424d5\"},\"description\":\"En la esquina de la Rambla 25 de agosto y Col\u00f3n, frente a la salida del puerto de Montevideo, se levanta desde fines del siglo XIX el \u201cGran Hotel del Globo\u201d, escala casi obligada para los inmigrantes que llegaban a nuestras tierras en busca de una nueva vida.La premisa de nuestra propuesta ha sido siempre ser respetuosas con el edificio en su morfolog\u00eda, espacialidad y fachadas.El programa nuevo es uso mixto: gastronom\u00eda, oficinas, eventos, oferta cultural y hotel.o Planta baja: Restaurante, \u00e1reas de Cowork y servicios.o Pisos 1 y 2: Salas de Cowork con \u00e1reas de reuniones y servicios.o Piso 3: Habitaciones de hotel con servicios. o Piso 4: Sala de conferencia, cafeter\u00eda con espacio exterior conformado por la terraza.\",\"breadcrumb\":{\"@id\":\"https:\\\/\\\/www.estudioalejandracorrea.uy\\\/gran-hotel-del-globo\\\/#breadcrumb\"},\"inLanguage\":\"en-US\",\"potentialAction\":[{\"@type\":\"ReadAction\",\"target\":[\"https:\\\/\\\/www.estudioalejandracorrea.uy\\\/gran-hotel-del-globo\\\/\"]}]},{\"@type\":\"ImageObject\",\"inLanguage\":\"en-US\",\"@id\":\"https:\\\/\\\/www.estudioalejandracorrea.uy\\\/gran-hotel-del-globo\\\/#primaryimage\",\"url\":\"https:\\\/\\\/www.estudioalejandracorrea.uy\\\/wp-content\\\/uploads\\\/2025\\\/08\\\/lglobo.png\",\"contentUrl\":\"https:\\\/\\\/www.estudioalejandracorrea.uy\\\/wp-content\\\/uploads\\\/2025\\\/08\\\/lglobo.png\",\"width\":597,\"height\":597},{\"@type\":\"BreadcrumbList\",\"@id\":\"https:\\\/\\\/www.estudioalejandracorrea.uy\\\/gran-hotel-del-globo\\\/#breadcrumb\",\"itemListElement\":[{\"@type\":\"ListItem\",\"position\":1,\"name\":\"Home\",\"item\":\"https:\\\/\\\/www.estudioalejandracorrea.uy\\\/\"},{\"@type\":\"ListItem\",\"position\":2,\"name\":\"Gran Hotel del Globo\"}]},{\"@type\":\"WebSite\",\"@id\":\"https:\\\/\\\/www.estudioalejandracorrea.uy\\\/#website\",\"url\":\"https:\\\/\\\/www.estudioalejandracorrea.uy\\\/\",\"name\":\"ALEJANDRA CORREA\",\"description\":\"Arquitecta\",\"potentialAction\":[{\"@type\":\"SearchAction\",\"target\":{\"@type\":\"EntryPoint\",\"urlTemplate\":\"https:\\\/\\\/www.estudioalejandracorrea.uy\\\/?s={search_term_string}\"},\"query-input\":{\"@type\":\"PropertyValueSpecification\",\"valueRequired\":true,\"valueName\":\"search_term_string\"}}],\"inLanguage\":\"en-US\"},{\"@type\":\"Person\",\"@id\":\"https:\\\/\\\/www.estudioalejandracorrea.uy\\\/#\\\/schema\\\/person\\\/939ac1587cb583598edcf8e9c00424d5\",\"name\":\"Pablo\",\"image\":{\"@type\":\"ImageObject\",\"inLanguage\":\"en-US\",\"@id\":\"https:\\\/\\\/secure.gravatar.com\\\/avatar\\\/936ca8986f1b3fd120fd92fcb5f94d1cd8fbc2e98275b8d0a34a4e74ff28b949?s=96&d=mm&r=g\",\"url\":\"https:\\\/\\\/secure.gravatar.com\\\/avatar\\\/936ca8986f1b3fd120fd92fcb5f94d1cd8fbc2e98275b8d0a34a4e74ff28b949?s=96&d=mm&r=g\",\"contentUrl\":\"https:\\\/\\\/secure.gravatar.com\\\/avatar\\\/936ca8986f1b3fd120fd92fcb5f94d1cd8fbc2e98275b8d0a34a4e74ff28b949?s=96&d=mm&r=g\",\"caption\":\"Pablo\"},\"url\":\"https:\\\/\\\/www.estudioalejandracorrea.uy\\\/en\\\/author\\\/pablo\\\/\"}]}<\/script>\n<!-- \/ Yoast SEO plugin. -->","yoast_head_json":{"title":"Gran Hotel del Globo - ALEJANDRA CORREA","description":"En la esquina de la Rambla 25 de agosto y Col\u00f3n, frente a la salida del puerto de Montevideo, se levanta desde fines del siglo XIX el \u201cGran Hotel del Globo\u201d, escala casi obligada para los inmigrantes que llegaban a nuestras tierras en busca de una nueva vida.La premisa de nuestra propuesta ha sido siempre ser respetuosas con el edificio en su morfolog\u00eda, espacialidad y fachadas.El programa nuevo es uso mixto: gastronom\u00eda, oficinas, eventos, oferta cultural y hotel.o Planta baja: Restaurante, \u00e1reas de Cowork y servicios.o Pisos 1 y 2: Salas de Cowork con \u00e1reas de reuniones y servicios.o Piso 3: Habitaciones de hotel con servicios. o Piso 4: Sala de conferencia, cafeter\u00eda con espacio exterior conformado por la terraza.","robots":{"index":"index","follow":"follow","max-snippet":"max-snippet:-1","max-image-preview":"max-image-preview:large","max-video-preview":"max-video-preview:-1"},"canonical":"https:\/\/www.estudioalejandracorrea.uy\/gran-hotel-del-globo\/","og_locale":"en_US","og_type":"article","og_title":"Gran Hotel del Globo - ALEJANDRA CORREA","og_description":"En la esquina de la Rambla 25 de agosto y Col\u00f3n, frente a la salida del puerto de Montevideo, se levanta desde fines del siglo XIX el \u201cGran Hotel del Globo\u201d, escala casi obligada para los inmigrantes que llegaban a nuestras tierras en busca de una nueva vida.La premisa de nuestra propuesta ha sido siempre ser respetuosas con el edificio en su morfolog\u00eda, espacialidad y fachadas.El programa nuevo es uso mixto: gastronom\u00eda, oficinas, eventos, oferta cultural y hotel.o Planta baja: Restaurante, \u00e1reas de Cowork y servicios.o Pisos 1 y 2: Salas de Cowork con \u00e1reas de reuniones y servicios.o Piso 3: Habitaciones de hotel con servicios. o Piso 4: Sala de conferencia, cafeter\u00eda con espacio exterior conformado por la terraza.","og_url":"https:\/\/www.estudioalejandracorrea.uy\/gran-hotel-del-globo\/","og_site_name":"ALEJANDRA CORREA","article_published_time":"2025-08-03T17:28:50+00:00","article_modified_time":"2025-11-20T14:38:21+00:00","og_image":[{"width":597,"height":597,"url":"https:\/\/www.estudioalejandracorrea.uy\/wp-content\/uploads\/2025\/08\/lglobo.png","type":"image\/png"}],"author":"Pablo","twitter_card":"summary_large_image","twitter_misc":{"Written by":"Pablo","Est. reading time":"3 minutes"},"schema":{"@context":"https:\/\/schema.org","@graph":[{"@type":"Article","@id":"https:\/\/www.estudioalejandracorrea.uy\/gran-hotel-del-globo\/#article","isPartOf":{"@id":"https:\/\/www.estudioalejandracorrea.uy\/gran-hotel-del-globo\/"},"author":{"name":"Pablo","@id":"https:\/\/www.estudioalejandracorrea.uy\/#\/schema\/person\/939ac1587cb583598edcf8e9c00424d5"},"headline":"Gran Hotel del Globo","datePublished":"2025-08-03T17:28:50+00:00","dateModified":"2025-11-20T14:38:21+00:00","mainEntityOfPage":{"@id":"https:\/\/www.estudioalejandracorrea.uy\/gran-hotel-del-globo\/"},"wordCount":541,"image":{"@id":"https:\/\/www.estudioalejandracorrea.uy\/gran-hotel-del-globo\/#primaryimage"},"thumbnailUrl":"https:\/\/www.estudioalejandracorrea.uy\/wp-content\/uploads\/2025\/08\/lglobo.png","articleSection":["Proyecto y direcci\u00f3n de obra","Selecci\u00f3n de Proyectos"],"inLanguage":"en-US"},{"@type":"WebPage","@id":"https:\/\/www.estudioalejandracorrea.uy\/gran-hotel-del-globo\/","url":"https:\/\/www.estudioalejandracorrea.uy\/gran-hotel-del-globo\/","name":"Gran Hotel del Globo - ALEJANDRA CORREA","isPartOf":{"@id":"https:\/\/www.estudioalejandracorrea.uy\/#website"},"primaryImageOfPage":{"@id":"https:\/\/www.estudioalejandracorrea.uy\/gran-hotel-del-globo\/#primaryimage"},"image":{"@id":"https:\/\/www.estudioalejandracorrea.uy\/gran-hotel-del-globo\/#primaryimage"},"thumbnailUrl":"https:\/\/www.estudioalejandracorrea.uy\/wp-content\/uploads\/2025\/08\/lglobo.png","datePublished":"2025-08-03T17:28:50+00:00","dateModified":"2025-11-20T14:38:21+00:00","author":{"@id":"https:\/\/www.estudioalejandracorrea.uy\/#\/schema\/person\/939ac1587cb583598edcf8e9c00424d5"},"description":"En la esquina de la Rambla 25 de agosto y Col\u00f3n, frente a la salida del puerto de Montevideo, se levanta desde fines del siglo XIX el \u201cGran Hotel del Globo\u201d, escala casi obligada para los inmigrantes que llegaban a nuestras tierras en busca de una nueva vida.La premisa de nuestra propuesta ha sido siempre ser respetuosas con el edificio en su morfolog\u00eda, espacialidad y fachadas.El programa nuevo es uso mixto: gastronom\u00eda, oficinas, eventos, oferta cultural y hotel.o Planta baja: Restaurante, \u00e1reas de Cowork y servicios.o Pisos 1 y 2: Salas de Cowork con \u00e1reas de reuniones y servicios.o Piso 3: Habitaciones de hotel con servicios. o Piso 4: Sala de conferencia, cafeter\u00eda con espacio exterior conformado por la terraza.","breadcrumb":{"@id":"https:\/\/www.estudioalejandracorrea.uy\/gran-hotel-del-globo\/#breadcrumb"},"inLanguage":"en-US","potentialAction":[{"@type":"ReadAction","target":["https:\/\/www.estudioalejandracorrea.uy\/gran-hotel-del-globo\/"]}]},{"@type":"ImageObject","inLanguage":"en-US","@id":"https:\/\/www.estudioalejandracorrea.uy\/gran-hotel-del-globo\/#primaryimage","url":"https:\/\/www.estudioalejandracorrea.uy\/wp-content\/uploads\/2025\/08\/lglobo.png","contentUrl":"https:\/\/www.estudioalejandracorrea.uy\/wp-content\/uploads\/2025\/08\/lglobo.png","width":597,"height":597},{"@type":"BreadcrumbList","@id":"https:\/\/www.estudioalejandracorrea.uy\/gran-hotel-del-globo\/#breadcrumb","itemListElement":[{"@type":"ListItem","position":1,"name":"Home","item":"https:\/\/www.estudioalejandracorrea.uy\/"},{"@type":"ListItem","position":2,"name":"Gran Hotel del Globo"}]},{"@type":"WebSite","@id":"https:\/\/www.estudioalejandracorrea.uy\/#website","url":"https:\/\/www.estudioalejandracorrea.uy\/","name":"ALEJANDRA CORREA","description":"Arquitecta","potentialAction":[{"@type":"SearchAction","target":{"@type":"EntryPoint","urlTemplate":"https:\/\/www.estudioalejandracorrea.uy\/?s={search_term_string}"},"query-input":{"@type":"PropertyValueSpecification","valueRequired":true,"valueName":"search_term_string"}}],"inLanguage":"en-US"},{"@type":"Person","@id":"https:\/\/www.estudioalejandracorrea.uy\/#\/schema\/person\/939ac1587cb583598edcf8e9c00424d5","name":"Pablo","image":{"@type":"ImageObject","inLanguage":"en-US","@id":"https:\/\/secure.gravatar.com\/avatar\/936ca8986f1b3fd120fd92fcb5f94d1cd8fbc2e98275b8d0a34a4e74ff28b949?s=96&d=mm&r=g","url":"https:\/\/secure.gravatar.com\/avatar\/936ca8986f1b3fd120fd92fcb5f94d1cd8fbc2e98275b8d0a34a4e74ff28b949?s=96&d=mm&r=g","contentUrl":"https:\/\/secure.gravatar.com\/avatar\/936ca8986f1b3fd120fd92fcb5f94d1cd8fbc2e98275b8d0a34a4e74ff28b949?s=96&d=mm&r=g","caption":"Pablo"},"url":"https:\/\/www.estudioalejandracorrea.uy\/en\/author\/pablo\/"}]}},"_links":{"self":[{"href":"https:\/\/www.estudioalejandracorrea.uy\/en\/wp-json\/wp\/v2\/posts\/1137","targetHints":{"allow":["GET"]}}],"collection":[{"href":"https:\/\/www.estudioalejandracorrea.uy\/en\/wp-json\/wp\/v2\/posts"}],"about":[{"href":"https:\/\/www.estudioalejandracorrea.uy\/en\/wp-json\/wp\/v2\/types\/post"}],"author":[{"embeddable":true,"href":"https:\/\/www.estudioalejandracorrea.uy\/en\/wp-json\/wp\/v2\/users\/1"}],"replies":[{"embeddable":true,"href":"https:\/\/www.estudioalejandracorrea.uy\/en\/wp-json\/wp\/v2\/comments?post=1137"}],"version-history":[{"count":20,"href":"https:\/\/www.estudioalejandracorrea.uy\/en\/wp-json\/wp\/v2\/posts\/1137\/revisions"}],"predecessor-version":[{"id":1528,"href":"https:\/\/www.estudioalejandracorrea.uy\/en\/wp-json\/wp\/v2\/posts\/1137\/revisions\/1528"}],"wp:featuredmedia":[{"embeddable":true,"href":"https:\/\/www.estudioalejandracorrea.uy\/en\/wp-json\/wp\/v2\/media\/1291"}],"wp:attachment":[{"href":"https:\/\/www.estudioalejandracorrea.uy\/en\/wp-json\/wp\/v2\/media?parent=1137"}],"wp:term":[{"taxonomy":"category","embeddable":true,"href":"https:\/\/www.estudioalejandracorrea.uy\/en\/wp-json\/wp\/v2\/categories?post=1137"},{"taxonomy":"post_tag","embeddable":true,"href":"https:\/\/www.estudioalejandracorrea.uy\/en\/wp-json\/wp\/v2\/tags?post=1137"}],"curies":[{"name":"wp","href":"https:\/\/api.w.org\/{rel}","templated":true}]}}